{"id":50,"date":"2017-06-10T08:56:38","date_gmt":"2017-06-10T07:56:38","guid":{"rendered":"http:\/\/countrymusic.fi\/countryroad13\/?p=50"},"modified":"2018-06-02T13:50:59","modified_gmt":"2018-06-02T12:50:59","slug":"miksi-tama-uudelleen-lammitys","status":"publish","type":"post","link":"https:\/\/countrymusic.fi\/countryroad13\/2017\/06\/10\/miksi-tama-uudelleen-lammitys\/","title":{"rendered":"Miksi t\u00e4llainen &#8221;elvytys&#8221;?"},"content":{"rendered":"<h4><span style=\"color: #000000;\"><span style=\"font-family: Arial,sans-serif;\"><span style=\"font-size: medium;\">Kuten aikaisemmin k\u00e4vi ilmi niin Country Road 13 Concert armon vuonna 2017 oli osa Emetin Kansanpuiston 50-vuotis juhlallisuuksia. Samalla se oli my\u00f6s nostalginen yritys elvytt\u00e4\u00e4 vanhaa hienoa perinnett\u00e4. Vuoden 2017 tapahtuma onnistui ja oli kovasti pidetty, joten jatkoa on luvassa.<\/span><\/span><\/span><\/h4>\n<p><span style=\"color: #000000;\"><span style=\"font-family: Arial,sans-serif;\"><span style=\"font-size: medium;\">Country Road 13 -konsertti pidettiin aina sunnuntai-iltap\u00e4ivisin ja se oli kaikenik\u00e4isille &#8211; oikea koko perheen tapahtuma. Niin my\u00f6s t\u00e4ll\u00e4 kertaa.<\/span><\/span><\/span><\/p>\n<p><span style=\"color: #000000;\"><span style=\"font-family: Arial,sans-serif;\"><span style=\"font-size: medium;\">Esiintymislava tulee olemaan rekka-auton lava aivan kuten ensimm\u00e4isell\u00e4 konsertilla 1970-luvun lopulla. Puupenkkej\u00e4 tullaan laittamaan niille jotka haluavat kuunnella istualtaan ja kukin voi my\u00f6s tuoda <strong>omia puutarhatuoleja<\/strong>. Jos hyv\u00e4 musiikki saa aikaan kovaa n\u00e4lk\u00e4\u00e4 niin paikan p\u00e4\u00e4lt\u00e4 <strong>l\u00f6ytyy sy\u00f6t\u00e4v\u00e4\u00e4 ja juotavaa<\/strong> eri muodossa. Jos s\u00e4\u00e4 ei ole suosiollinen niin koko tapahtumaa voidaan pit\u00e4\u00e4 tanssipaviljongin suojassa.<\/span><\/span><\/span><\/p>\n<h4><span style=\"color: #000000;\"><span style=\"font-family: Arial,sans-serif;\"><span style=\"font-size: medium;\">Loput on kiinni teist\u00e4 \u2013 TULKAA VIIHTYM\u00c4\u00c4N!<\/span><\/span><\/span><\/h4>\n","protected":false},"excerpt":{"rendered":"<p>Kuten aikaisemmin k\u00e4vi ilmi niin Country Road 13 Concert armon vuonna 2017 oli osa Emetin Kansanpuiston 50-vuotis juhlallisuuksia. Samalla se oli my\u00f6s nostalginen yritys elvytt\u00e4\u00e4 vanhaa hienoa perinnett\u00e4. Vuoden 2017 tapahtuma onnistui ja oli kovasti pidetty, joten jatkoa on luvassa. Country Road 13 -konsertti pidettiin aina sunnuntai-iltap\u00e4ivisin ja se oli kaikenik\u00e4isille &#8211; oikea koko perheen [&hellip;]<\/p>\n","protected":false},"author":1,"featured_media":0,"comment_status":"open","ping_status":"open","sticky":false,"template":"","format":"standard","meta":{"footnotes":""},"categories":[1],"tags":[],"class_list":["post-50","post","type-post","status-publish","format-standard","hentry","category-uncategorised"],"_links":{"self":[{"href":"https:\/\/countrymusic.fi\/countryroad13\/wp-json\/wp\/v2\/posts\/50","targetHints":{"allow":["GET"]}}],"collection":[{"href":"https:\/\/countrymusic.fi\/countryroad13\/wp-json\/wp\/v2\/posts"}],"about":[{"href":"https:\/\/countrymusic.fi\/countryroad13\/wp-json\/wp\/v2\/types\/post"}],"author":[{"embeddable":true,"href":"https:\/\/countrymusic.fi\/countryroad13\/wp-json\/wp\/v2\/users\/1"}],"replies":[{"embeddable":true,"href":"https:\/\/countrymusic.fi\/countryroad13\/wp-json\/wp\/v2\/comments?post=50"}],"version-history":[{"count":7,"href":"https:\/\/countrymusic.fi\/countryroad13\/wp-json\/wp\/v2\/posts\/50\/revisions"}],"predecessor-version":[{"id":269,"href":"https:\/\/countrymusic.fi\/countryroad13\/wp-json\/wp\/v2\/posts\/50\/revisions\/269"}],"wp:attachment":[{"href":"https:\/\/countrymusic.fi\/countryroad13\/wp-json\/wp\/v2\/media?parent=50"}],"wp:term":[{"taxonomy":"category","embeddable":true,"href":"https:\/\/countrymusic.fi\/countryroad13\/wp-json\/wp\/v2\/categories?post=50"},{"taxonomy":"post_tag","embeddable":true,"href":"https:\/\/countrymusic.fi\/countryroad13\/wp-json\/wp\/v2\/tags?post=50"}],"curies":[{"name":"wp","href":"https:\/\/api.w.org\/{rel}","templated":true}]}}