{"id":93,"date":"2017-06-11T10:59:48","date_gmt":"2017-06-11T09:59:48","guid":{"rendered":"http:\/\/countrymusic.fi\/countryroad13\/?p=93"},"modified":"2018-06-02T11:26:34","modified_gmt":"2018-06-02T10:26:34","slug":"varfor-denna-nytandning","status":"publish","type":"post","link":"https:\/\/countrymusic.fi\/countryroad13\/2017\/06\/11\/varfor-denna-nytandning\/","title":{"rendered":"Varf\u00f6r denna &#8221;nyt\u00e4ndning&#8221;?"},"content":{"rendered":"<h4>Som tidigare framkom s\u00e5 \u00e4r Country Road 13 Concert anno 2017 en del av Emet<br \/>\nFolkparks 50-\u00e5rs festiviteter men ocks\u00e5 ett lite nostalgiskt f\u00f6rs\u00f6k att \u00e5teruppliva en gammal fin tradition.<\/h4>\n<h4>Eftersom evenemanget 2017 f\u00f6rl\u00f6pte v\u00e4l och blev mycket omtyckt s\u00e5 ans\u00e5gs en forts\u00e4ttning av Country Road 13 Concert befogad s\u00e5 nu tar vi ett \u00e5r i taget och ser hur det g\u00e5r.<\/h4>\n<p>Country Road 13 h\u00f6lls alltid p\u00e5 en s\u00f6ndag eftermiddag och det var ett evenemang avsedd f\u00f6r <strong>folk i alla \u00e5ldrar &#8211; en riktig familjetillst\u00e4llning.<\/strong><\/p>\n<p>S\u00e5 blir det ocks\u00e5 denna g\u00e5ng. Scenen blir p\u00e5 ett lastbilsflak precis som vid dom f\u00f6rsta konserterna i slutet av 1970-talet och b\u00e4nkrader placeras ut f\u00f6r dom som vill sitta under konserten. Det g\u00e5r ocks\u00e5 bra att tamed sej <strong>egna tr\u00e4dg\u00e5rdsstolar<\/strong>. Ifall man blir hungrig av den fina musiken s\u00e5 finns det ocks\u00e5<br \/>\n<strong>servering av olika slag<\/strong> och i fall det skulle g\u00e5 s\u00e5 illa att v\u00e4drets makter inte st\u00e5r bi s\u00e5 flyttashela tillst\u00e4llningen in i den stora danspaviljongen.<br \/>\n<strong>Nu \u00e4r resten upp till er \u2013 KOM, TR\u00c4FFAS och TRIVS!<\/strong><\/p>\n<p><strong>\u00a0<\/strong><\/p>\n","protected":false},"excerpt":{"rendered":"<p>Som tidigare framkom s\u00e5 \u00e4r Country Road 13 Concert anno 2017 en del av Emet Folkparks 50-\u00e5rs festiviteter men ocks\u00e5 ett lite nostalgiskt f\u00f6rs\u00f6k att \u00e5teruppliva en gammal fin tradition. Eftersom evenemanget 2017 f\u00f6rl\u00f6pte v\u00e4l och blev mycket omtyckt s\u00e5 ans\u00e5gs en forts\u00e4ttning av Country Road 13 Concert befogad s\u00e5 nu tar vi ett \u00e5r [&hellip;]<\/p>\n","protected":false},"author":1,"featured_media":0,"comment_status":"open","ping_status":"open","sticky":false,"template":"","format":"standard","meta":{"footnotes":""},"categories":[11],"tags":[],"class_list":["post-93","post","type-post","status-publish","format-standard","hentry","category-okategoriserade-sv"],"_links":{"self":[{"href":"https:\/\/countrymusic.fi\/countryroad13\/wp-json\/wp\/v2\/posts\/93","targetHints":{"allow":["GET"]}}],"collection":[{"href":"https:\/\/countrymusic.fi\/countryroad13\/wp-json\/wp\/v2\/posts"}],"about":[{"href":"https:\/\/countrymusic.fi\/countryroad13\/wp-json\/wp\/v2\/types\/post"}],"author":[{"embeddable":true,"href":"https:\/\/countrymusic.fi\/countryroad13\/wp-json\/wp\/v2\/users\/1"}],"replies":[{"embeddable":true,"href":"https:\/\/countrymusic.fi\/countryroad13\/wp-json\/wp\/v2\/comments?post=93"}],"version-history":[{"count":3,"href":"https:\/\/countrymusic.fi\/countryroad13\/wp-json\/wp\/v2\/posts\/93\/revisions"}],"predecessor-version":[{"id":221,"href":"https:\/\/countrymusic.fi\/countryroad13\/wp-json\/wp\/v2\/posts\/93\/revisions\/221"}],"wp:attachment":[{"href":"https:\/\/countrymusic.fi\/countryroad13\/wp-json\/wp\/v2\/media?parent=93"}],"wp:term":[{"taxonomy":"category","embeddable":true,"href":"https:\/\/countrymusic.fi\/countryroad13\/wp-json\/wp\/v2\/categories?post=93"},{"taxonomy":"post_tag","embeddable":true,"href":"https:\/\/countrymusic.fi\/countryroad13\/wp-json\/wp\/v2\/tags?post=93"}],"curies":[{"name":"wp","href":"https:\/\/api.w.org\/{rel}","templated":true}]}}